{"id":1102,"date":"2020-07-15T18:36:04","date_gmt":"2020-07-15T18:36:04","guid":{"rendered":"http:\/\/oscarpascasio.com\/oscar\/?p=1102"},"modified":"2020-07-15T18:36:04","modified_gmt":"2020-07-15T18:36:04","slug":"nuevo-premio-internacional-para-oscar-pascasio","status":"publish","type":"post","link":"https:\/\/oscarpascasio.com\/oscar\/prensa-diario-palentino\/nuevo-premio-internacional-para-oscar-pascasio\/","title":{"rendered":"Nuevo premio internacional para \u00d3scar Pascasio"},"content":{"rendered":"<h4><strong><a href=\"https:\/\/www.diariopalentino.es\/Noticia\/Z8A019907-0CCB-9EBD-30B03426F7774A36\/201906\/Nuevo-premio-internacional-para-Oscar-Pascasio?fbclid=IwAR266UwPdMsHiq3bp7hUVF086I0ESu1-_DpcgJUVBrJ2hwOsq5ud1ibcWso\" target=\"_blank\" rel=\"noopener noreferrer\">Nuevo premio internacional para \u00d3scar Pascasio<\/a><\/strong><\/h4>\n<h4>El pianista y compositor aguilarense, \u00d3scar Pascasio, ha recibido<br \/>\nun nuevo reconocimiento internacional. Se trata de la Medalla de Bronce<br \/>\nde Composici\u00f3n Musical en los Global Music Awards, una distinci\u00f3n<br \/>\nque el artista norte\u00f1o ha conseguido gracias a su tema Magia,<br \/>\nperteneciente a su \u00faltimo \u00e1lbum, Sensaciones.<\/h4>\n<p><a href=\"https:\/\/www.diariopalentino.es\/Noticia\/Z8A019907-0CCB-9EBD-30B03426F7774A36\/201906\/Nuevo-premio-internacional-para-Oscar-Pascasio?fbclid=IwAR266UwPdMsHiq3bp7hUVF086I0ESu1-_DpcgJUVBrJ2hwOsq5ud1ibcWso\"><img loading=\"lazy\" decoding=\"async\" class=\"alignnone size-medium wp-image-1103\" src=\"http:\/\/oscarpascasio.com\/oscar\/wp-content\/uploads\/2020\/07\/8A019C41-0B5F-EC74-DC6FCC671B57816E-300x169.jpg\" alt=\"\" width=\"300\" height=\"169\" \/><\/a><\/p>\n","protected":false},"excerpt":{"rendered":"<p>Nuevo premio internacional para \u00d3scar Pascasio El pianista y compositor aguilarense, \u00d3scar Pascasio, ha recibido un nuevo reconocimiento internacional. Se trata de la Medalla de Bronce de Composici\u00f3n Musical en los Global Music Awards, una distinci\u00f3n que el artista norte\u00f1o ha conseguido gracias a su tema Magia, perteneciente a su \u00faltimo \u00e1lbum, Sensaciones.<\/p>\n","protected":false},"author":1,"featured_media":1103,"comment_status":"open","ping_status":"open","sticky":false,"template":"","format":"standard","meta":{"_et_pb_use_builder":"","_et_pb_old_content":"","_et_gb_content_width":"","footnotes":""},"categories":[12],"tags":[],"class_list":["post-1102","post","type-post","status-publish","format-standard","has-post-thumbnail","hentry","category-prensa-diario-palentino"],"yoast_head":"<!-- This site is optimized with the Yoast SEO plugin v25.1 - https:\/\/yoast.com\/wordpress\/plugins\/seo\/ -->\n<title>Nuevo premio internacional para \u00d3scar Pascasio - Oscar Pascasio<\/title>\n<meta name=\"robots\" content=\"index, follow, max-snippet:-1, max-image-preview:large, max-video-preview:-1\" \/>\n<link rel=\"canonical\" href=\"https:\/\/oscarpascasio.com\/oscar\/prensa-diario-palentino\/nuevo-premio-internacional-para-oscar-pascasio\/\" \/>\n<meta property=\"og:locale\" content=\"es_ES\" \/>\n<meta property=\"og:type\" content=\"article\" \/>\n<meta property=\"og:title\" content=\"Nuevo premio internacional para \u00d3scar Pascasio - Oscar Pascasio\" \/>\n<meta property=\"og:description\" content=\"Nuevo premio internacional para \u00d3scar Pascasio El pianista y compositor aguilarense, \u00d3scar Pascasio, ha recibido un nuevo reconocimiento internacional. Se trata de la Medalla de Bronce de Composici\u00f3n Musical en los Global Music Awards, una distinci\u00f3n que el artista norte\u00f1o ha conseguido gracias a su tema Magia, perteneciente a su \u00faltimo \u00e1lbum, Sensaciones.\" \/>\n<meta property=\"og:url\" content=\"https:\/\/oscarpascasio.com\/oscar\/prensa-diario-palentino\/nuevo-premio-internacional-para-oscar-pascasio\/\" \/>\n<meta property=\"og:site_name\" content=\"Oscar Pascasio\" \/>\n<meta property=\"article:published_time\" content=\"2020-07-15T18:36:04+00:00\" \/>\n<meta property=\"og:image\" content=\"https:\/\/oscarpascasio.com\/oscar\/wp-content\/uploads\/2020\/07\/8A019C41-0B5F-EC74-DC6FCC671B57816E.jpg\" \/>\n\t<meta property=\"og:image:width\" content=\"644\" \/>\n\t<meta property=\"og:image:height\" content=\"363\" \/>\n\t<meta property=\"og:image:type\" content=\"image\/jpeg\" \/>\n<meta name=\"author\" content=\"admin\" \/>\n<meta name=\"twitter:card\" content=\"summary_large_image\" \/>\n<meta name=\"twitter:label1\" content=\"Escrito por\" \/>\n\t<meta name=\"twitter:data1\" content=\"admin\" \/>\n<script type=\"application\/ld+json\" class=\"yoast-schema-graph\">{\"@context\":\"https:\/\/schema.org\",\"@graph\":[{\"@type\":\"WebPage\",\"@id\":\"https:\/\/oscarpascasio.com\/oscar\/prensa-diario-palentino\/nuevo-premio-internacional-para-oscar-pascasio\/\",\"url\":\"https:\/\/oscarpascasio.com\/oscar\/prensa-diario-palentino\/nuevo-premio-internacional-para-oscar-pascasio\/\",\"name\":\"Nuevo premio internacional para \u00d3scar Pascasio - Oscar Pascasio\",\"isPartOf\":{\"@id\":\"https:\/\/oscarpascasio.com\/oscar\/#website\"},\"primaryImageOfPage\":{\"@id\":\"https:\/\/oscarpascasio.com\/oscar\/prensa-diario-palentino\/nuevo-premio-internacional-para-oscar-pascasio\/#primaryimage\"},\"image\":{\"@id\":\"https:\/\/oscarpascasio.com\/oscar\/prensa-diario-palentino\/nuevo-premio-internacional-para-oscar-pascasio\/#primaryimage\"},\"thumbnailUrl\":\"https:\/\/oscarpascasio.com\/oscar\/wp-content\/uploads\/2020\/07\/8A019C41-0B5F-EC74-DC6FCC671B57816E.jpg\",\"datePublished\":\"2020-07-15T18:36:04+00:00\",\"author\":{\"@id\":\"https:\/\/oscarpascasio.com\/oscar\/#\/schema\/person\/f644f93cc785c7d9a90a44075d95d4b0\"},\"breadcrumb\":{\"@id\":\"https:\/\/oscarpascasio.com\/oscar\/prensa-diario-palentino\/nuevo-premio-internacional-para-oscar-pascasio\/#breadcrumb\"},\"inLanguage\":\"es\",\"potentialAction\":[{\"@type\":\"ReadAction\",\"target\":[\"https:\/\/oscarpascasio.com\/oscar\/prensa-diario-palentino\/nuevo-premio-internacional-para-oscar-pascasio\/\"]}]},{\"@type\":\"ImageObject\",\"inLanguage\":\"es\",\"@id\":\"https:\/\/oscarpascasio.com\/oscar\/prensa-diario-palentino\/nuevo-premio-internacional-para-oscar-pascasio\/#primaryimage\",\"url\":\"https:\/\/oscarpascasio.com\/oscar\/wp-content\/uploads\/2020\/07\/8A019C41-0B5F-EC74-DC6FCC671B57816E.jpg\",\"contentUrl\":\"https:\/\/oscarpascasio.com\/oscar\/wp-content\/uploads\/2020\/07\/8A019C41-0B5F-EC74-DC6FCC671B57816E.jpg\",\"width\":644,\"height\":363},{\"@type\":\"BreadcrumbList\",\"@id\":\"https:\/\/oscarpascasio.com\/oscar\/prensa-diario-palentino\/nuevo-premio-internacional-para-oscar-pascasio\/#breadcrumb\",\"itemListElement\":[{\"@type\":\"ListItem\",\"position\":1,\"name\":\"Portada\",\"item\":\"https:\/\/oscarpascasio.com\/oscar\/\"},{\"@type\":\"ListItem\",\"position\":2,\"name\":\"Nuevo premio internacional para \u00d3scar Pascasio\"}]},{\"@type\":\"WebSite\",\"@id\":\"https:\/\/oscarpascasio.com\/oscar\/#website\",\"url\":\"https:\/\/oscarpascasio.com\/oscar\/\",\"name\":\"Oscar Pascasio\",\"description\":\"\",\"potentialAction\":[{\"@type\":\"SearchAction\",\"target\":{\"@type\":\"EntryPoint\",\"urlTemplate\":\"https:\/\/oscarpascasio.com\/oscar\/?s={search_term_string}\"},\"query-input\":{\"@type\":\"PropertyValueSpecification\",\"valueRequired\":true,\"valueName\":\"search_term_string\"}}],\"inLanguage\":\"es\"},{\"@type\":\"Person\",\"@id\":\"https:\/\/oscarpascasio.com\/oscar\/#\/schema\/person\/f644f93cc785c7d9a90a44075d95d4b0\",\"name\":\"admin\",\"image\":{\"@type\":\"ImageObject\",\"inLanguage\":\"es\",\"@id\":\"https:\/\/oscarpascasio.com\/oscar\/#\/schema\/person\/image\/\",\"url\":\"https:\/\/secure.gravatar.com\/avatar\/bb88a3510f119e9efba78a37587b5cce924a61c10af370d574cb62e1e4fb76ce?s=96&d=mm&r=g\",\"contentUrl\":\"https:\/\/secure.gravatar.com\/avatar\/bb88a3510f119e9efba78a37587b5cce924a61c10af370d574cb62e1e4fb76ce?s=96&d=mm&r=g\",\"caption\":\"admin\"},\"url\":\"https:\/\/oscarpascasio.com\/oscar\/author\/admin\/\"}]}<\/script>\n<!-- \/ Yoast SEO plugin. -->","yoast_head_json":{"title":"Nuevo premio internacional para \u00d3scar Pascasio - Oscar Pascasio","robots":{"index":"index","follow":"follow","max-snippet":"max-snippet:-1","max-image-preview":"max-image-preview:large","max-video-preview":"max-video-preview:-1"},"canonical":"https:\/\/oscarpascasio.com\/oscar\/prensa-diario-palentino\/nuevo-premio-internacional-para-oscar-pascasio\/","og_locale":"es_ES","og_type":"article","og_title":"Nuevo premio internacional para \u00d3scar Pascasio - Oscar Pascasio","og_description":"Nuevo premio internacional para \u00d3scar Pascasio El pianista y compositor aguilarense, \u00d3scar Pascasio, ha recibido un nuevo reconocimiento internacional. Se trata de la Medalla de Bronce de Composici\u00f3n Musical en los Global Music Awards, una distinci\u00f3n que el artista norte\u00f1o ha conseguido gracias a su tema Magia, perteneciente a su \u00faltimo \u00e1lbum, Sensaciones.","og_url":"https:\/\/oscarpascasio.com\/oscar\/prensa-diario-palentino\/nuevo-premio-internacional-para-oscar-pascasio\/","og_site_name":"Oscar Pascasio","article_published_time":"2020-07-15T18:36:04+00:00","og_image":[{"width":644,"height":363,"url":"https:\/\/oscarpascasio.com\/oscar\/wp-content\/uploads\/2020\/07\/8A019C41-0B5F-EC74-DC6FCC671B57816E.jpg","type":"image\/jpeg"}],"author":"admin","twitter_card":"summary_large_image","twitter_misc":{"Escrito por":"admin"},"schema":{"@context":"https:\/\/schema.org","@graph":[{"@type":"WebPage","@id":"https:\/\/oscarpascasio.com\/oscar\/prensa-diario-palentino\/nuevo-premio-internacional-para-oscar-pascasio\/","url":"https:\/\/oscarpascasio.com\/oscar\/prensa-diario-palentino\/nuevo-premio-internacional-para-oscar-pascasio\/","name":"Nuevo premio internacional para \u00d3scar Pascasio - Oscar Pascasio","isPartOf":{"@id":"https:\/\/oscarpascasio.com\/oscar\/#website"},"primaryImageOfPage":{"@id":"https:\/\/oscarpascasio.com\/oscar\/prensa-diario-palentino\/nuevo-premio-internacional-para-oscar-pascasio\/#primaryimage"},"image":{"@id":"https:\/\/oscarpascasio.com\/oscar\/prensa-diario-palentino\/nuevo-premio-internacional-para-oscar-pascasio\/#primaryimage"},"thumbnailUrl":"https:\/\/oscarpascasio.com\/oscar\/wp-content\/uploads\/2020\/07\/8A019C41-0B5F-EC74-DC6FCC671B57816E.jpg","datePublished":"2020-07-15T18:36:04+00:00","author":{"@id":"https:\/\/oscarpascasio.com\/oscar\/#\/schema\/person\/f644f93cc785c7d9a90a44075d95d4b0"},"breadcrumb":{"@id":"https:\/\/oscarpascasio.com\/oscar\/prensa-diario-palentino\/nuevo-premio-internacional-para-oscar-pascasio\/#breadcrumb"},"inLanguage":"es","potentialAction":[{"@type":"ReadAction","target":["https:\/\/oscarpascasio.com\/oscar\/prensa-diario-palentino\/nuevo-premio-internacional-para-oscar-pascasio\/"]}]},{"@type":"ImageObject","inLanguage":"es","@id":"https:\/\/oscarpascasio.com\/oscar\/prensa-diario-palentino\/nuevo-premio-internacional-para-oscar-pascasio\/#primaryimage","url":"https:\/\/oscarpascasio.com\/oscar\/wp-content\/uploads\/2020\/07\/8A019C41-0B5F-EC74-DC6FCC671B57816E.jpg","contentUrl":"https:\/\/oscarpascasio.com\/oscar\/wp-content\/uploads\/2020\/07\/8A019C41-0B5F-EC74-DC6FCC671B57816E.jpg","width":644,"height":363},{"@type":"BreadcrumbList","@id":"https:\/\/oscarpascasio.com\/oscar\/prensa-diario-palentino\/nuevo-premio-internacional-para-oscar-pascasio\/#breadcrumb","itemListElement":[{"@type":"ListItem","position":1,"name":"Portada","item":"https:\/\/oscarpascasio.com\/oscar\/"},{"@type":"ListItem","position":2,"name":"Nuevo premio internacional para \u00d3scar Pascasio"}]},{"@type":"WebSite","@id":"https:\/\/oscarpascasio.com\/oscar\/#website","url":"https:\/\/oscarpascasio.com\/oscar\/","name":"Oscar Pascasio","description":"","potentialAction":[{"@type":"SearchAction","target":{"@type":"EntryPoint","urlTemplate":"https:\/\/oscarpascasio.com\/oscar\/?s={search_term_string}"},"query-input":{"@type":"PropertyValueSpecification","valueRequired":true,"valueName":"search_term_string"}}],"inLanguage":"es"},{"@type":"Person","@id":"https:\/\/oscarpascasio.com\/oscar\/#\/schema\/person\/f644f93cc785c7d9a90a44075d95d4b0","name":"admin","image":{"@type":"ImageObject","inLanguage":"es","@id":"https:\/\/oscarpascasio.com\/oscar\/#\/schema\/person\/image\/","url":"https:\/\/secure.gravatar.com\/avatar\/bb88a3510f119e9efba78a37587b5cce924a61c10af370d574cb62e1e4fb76ce?s=96&d=mm&r=g","contentUrl":"https:\/\/secure.gravatar.com\/avatar\/bb88a3510f119e9efba78a37587b5cce924a61c10af370d574cb62e1e4fb76ce?s=96&d=mm&r=g","caption":"admin"},"url":"https:\/\/oscarpascasio.com\/oscar\/author\/admin\/"}]}},"_links":{"self":[{"href":"https:\/\/oscarpascasio.com\/oscar\/wp-json\/wp\/v2\/posts\/1102","targetHints":{"allow":["GET"]}}],"collection":[{"href":"https:\/\/oscarpascasio.com\/oscar\/wp-json\/wp\/v2\/posts"}],"about":[{"href":"https:\/\/oscarpascasio.com\/oscar\/wp-json\/wp\/v2\/types\/post"}],"author":[{"embeddable":true,"href":"https:\/\/oscarpascasio.com\/oscar\/wp-json\/wp\/v2\/users\/1"}],"replies":[{"embeddable":true,"href":"https:\/\/oscarpascasio.com\/oscar\/wp-json\/wp\/v2\/comments?post=1102"}],"version-history":[{"count":1,"href":"https:\/\/oscarpascasio.com\/oscar\/wp-json\/wp\/v2\/posts\/1102\/revisions"}],"predecessor-version":[{"id":1104,"href":"https:\/\/oscarpascasio.com\/oscar\/wp-json\/wp\/v2\/posts\/1102\/revisions\/1104"}],"wp:featuredmedia":[{"embeddable":true,"href":"https:\/\/oscarpascasio.com\/oscar\/wp-json\/wp\/v2\/media\/1103"}],"wp:attachment":[{"href":"https:\/\/oscarpascasio.com\/oscar\/wp-json\/wp\/v2\/media?parent=1102"}],"wp:term":[{"taxonomy":"category","embeddable":true,"href":"https:\/\/oscarpascasio.com\/oscar\/wp-json\/wp\/v2\/categories?post=1102"},{"taxonomy":"post_tag","embeddable":true,"href":"https:\/\/oscarpascasio.com\/oscar\/wp-json\/wp\/v2\/tags?post=1102"}],"curies":[{"name":"wp","href":"https:\/\/api.w.org\/{rel}","templated":true}]}}